{"id":9374,"date":"2023-03-22T10:35:13","date_gmt":"2023-03-22T09:35:13","guid":{"rendered":"https:\/\/ci.ccediaf.org\/?p=9374"},"modified":"2023-04-03T16:56:15","modified_gmt":"2023-04-03T14:56:15","slug":"rencontre-entre-le-ccediaf-ci-et-lardci-le-mardi-21-mars-2023","status":"publish","type":"post","link":"https:\/\/ci.ccediaf.org\/?p=9374","title":{"rendered":"RENCONTRE ENTRE LE CCEDIAF-CI ET L&rsquo;ARDCI LE MARDI 21 MARS 2023"},"content":{"rendered":"<p><span style=\"color: #000000;\">Une d\u00e9l\u00e9gation du CCEDIAF-CI (Club des Chefs d\u2019Entreprises de la Diaspora Ivoirienne et Africaine de France en C\u00f4te d&rsquo;Ivoire) conduite par M. Juste BOHOUSSOU, Conseiller Juridique a eu une rencontre d\u2019\u00e9change avec l\u2019ARDCI (Assembl\u00e9e des R\u00e9gions et Districts de C\u00f4te d\u2019Ivoire) afin de dresser la cartographie des potentialit\u00e9s d\u2019investissements desdites localit\u00e9s. Cette rencontre pr\u00e9sid\u00e9e par M. Joachin BEUGRE a mobilis\u00e9e la pr\u00e9sence des Pr\u00e9sidents, Vice-Pr\u00e9sidents et Chefs de services de Conseils R\u00e9gionaux. Ce fut une rencontre fructueuse qui aboutira \u00e0 la signature d\u2019une convention de partenariat entre le CCEDIAF-CI et l\u2019ARDCI pour le d\u00e9veloppement harmonieux de la Cote d\u2019Ivoire. Des visites de terrain dans les prochains jours sont pr\u00e9vues dans les diff\u00e9rentes r\u00e9gions afin de toucher du doigt leurs r\u00e9alit\u00e9s \u00e9conomiques.<\/span><\/p>\n<div id='gallery-1' class='gallery galleryid-9374 gallery-columns-3 gallery-size-medium'><figure class='gallery-item'>\n\t\t\t<div class='gallery-icon landscape'>\n\t\t\t\t<a href='https:\/\/ci.ccediaf.org\/wp-content\/uploads\/2023\/03\/IMG-20230322-WA0005.jpg'><img fetchpriority=\"high\" decoding=\"async\" width=\"300\" height=\"225\" src=\"https:\/\/ci.ccediaf.org\/wp-content\/uploads\/2023\/03\/IMG-20230322-WA0005-300x225.jpg\" class=\"attachment-medium size-medium\" alt=\"\" srcset=\"https:\/\/ci.ccediaf.org\/wp-content\/uploads\/2023\/03\/IMG-20230322-WA0005-300x225.jpg 300w, https:\/\/ci.ccediaf.org\/wp-content\/uploads\/2023\/03\/IMG-20230322-WA0005-1024x768.jpg 1024w, https:\/\/ci.ccediaf.org\/wp-content\/uploads\/2023\/03\/IMG-20230322-WA0005-768x576.jpg 768w, https:\/\/ci.ccediaf.org\/wp-content\/uploads\/2023\/03\/IMG-20230322-WA0005-654x490.jpg 654w, https:\/\/ci.ccediaf.org\/wp-content\/uploads\/2023\/03\/IMG-20230322-WA0005.jpg 1040w\" sizes=\"(max-width: 300px) 100vw, 300px\" data-id=\"9378\" \/><\/a>\n\t\t\t<\/div><\/figure><figure class='gallery-item'>\n\t\t\t<div class='gallery-icon landscape'>\n\t\t\t\t<a href='https:\/\/ci.ccediaf.org\/wp-content\/uploads\/2023\/03\/IMG-20230322-WA0006.jpg'><img decoding=\"async\" width=\"300\" height=\"225\" src=\"https:\/\/ci.ccediaf.org\/wp-content\/uploads\/2023\/03\/IMG-20230322-WA0006-300x225.jpg\" class=\"attachment-medium size-medium\" alt=\"\" srcset=\"https:\/\/ci.ccediaf.org\/wp-content\/uploads\/2023\/03\/IMG-20230322-WA0006-300x225.jpg 300w, https:\/\/ci.ccediaf.org\/wp-content\/uploads\/2023\/03\/IMG-20230322-WA0006-1024x768.jpg 1024w, https:\/\/ci.ccediaf.org\/wp-content\/uploads\/2023\/03\/IMG-20230322-WA0006-768x576.jpg 768w, https:\/\/ci.ccediaf.org\/wp-content\/uploads\/2023\/03\/IMG-20230322-WA0006-654x490.jpg 654w, https:\/\/ci.ccediaf.org\/wp-content\/uploads\/2023\/03\/IMG-20230322-WA0006.jpg 1040w\" sizes=\"(max-width: 300px) 100vw, 300px\" data-id=\"9379\" \/><\/a>\n\t\t\t<\/div><\/figure><figure class='gallery-item'>\n\t\t\t<div class='gallery-icon landscape'>\n\t\t\t\t<a href='https:\/\/ci.ccediaf.org\/wp-content\/uploads\/2023\/03\/IMG-20230322-WA0008.jpg'><img decoding=\"async\" width=\"300\" height=\"225\" src=\"https:\/\/ci.ccediaf.org\/wp-content\/uploads\/2023\/03\/IMG-20230322-WA0008-300x225.jpg\" class=\"attachment-medium size-medium\" alt=\"\" srcset=\"https:\/\/ci.ccediaf.org\/wp-content\/uploads\/2023\/03\/IMG-20230322-WA0008-300x225.jpg 300w, https:\/\/ci.ccediaf.org\/wp-content\/uploads\/2023\/03\/IMG-20230322-WA0008-1024x768.jpg 1024w, https:\/\/ci.ccediaf.org\/wp-content\/uploads\/2023\/03\/IMG-20230322-WA0008-768x576.jpg 768w, https:\/\/ci.ccediaf.org\/wp-content\/uploads\/2023\/03\/IMG-20230322-WA0008-654x490.jpg 654w, https:\/\/ci.ccediaf.org\/wp-content\/uploads\/2023\/03\/IMG-20230322-WA0008.jpg 1040w\" sizes=\"(max-width: 300px) 100vw, 300px\" data-id=\"9380\" \/><\/a>\n\t\t\t<\/div><\/figure><figure class='gallery-item'>\n\t\t\t<div class='gallery-icon landscape'>\n\t\t\t\t<a href='https:\/\/ci.ccediaf.org\/wp-content\/uploads\/2023\/03\/IMG-20230322-WA0009.jpg'><img loading=\"lazy\" decoding=\"async\" width=\"300\" height=\"225\" src=\"https:\/\/ci.ccediaf.org\/wp-content\/uploads\/2023\/03\/IMG-20230322-WA0009-300x225.jpg\" class=\"attachment-medium size-medium\" alt=\"\" srcset=\"https:\/\/ci.ccediaf.org\/wp-content\/uploads\/2023\/03\/IMG-20230322-WA0009-300x225.jpg 300w, https:\/\/ci.ccediaf.org\/wp-content\/uploads\/2023\/03\/IMG-20230322-WA0009-1024x768.jpg 1024w, https:\/\/ci.ccediaf.org\/wp-content\/uploads\/2023\/03\/IMG-20230322-WA0009-768x576.jpg 768w, https:\/\/ci.ccediaf.org\/wp-content\/uploads\/2023\/03\/IMG-20230322-WA0009-654x490.jpg 654w, https:\/\/ci.ccediaf.org\/wp-content\/uploads\/2023\/03\/IMG-20230322-WA0009.jpg 1040w\" sizes=\"(max-width: 300px) 100vw, 300px\" data-id=\"9381\" \/><\/a>\n\t\t\t<\/div><\/figure><figure class='gallery-item'>\n\t\t\t<div class='gallery-icon landscape'>\n\t\t\t\t<a href='https:\/\/ci.ccediaf.org\/wp-content\/uploads\/2023\/03\/IMG-20230322-WA0010.jpg'><img loading=\"lazy\" decoding=\"async\" width=\"300\" height=\"225\" src=\"https:\/\/ci.ccediaf.org\/wp-content\/uploads\/2023\/03\/IMG-20230322-WA0010-300x225.jpg\" class=\"attachment-medium size-medium\" alt=\"\" srcset=\"https:\/\/ci.ccediaf.org\/wp-content\/uploads\/2023\/03\/IMG-20230322-WA0010-300x225.jpg 300w, https:\/\/ci.ccediaf.org\/wp-content\/uploads\/2023\/03\/IMG-20230322-WA0010-1024x768.jpg 1024w, https:\/\/ci.ccediaf.org\/wp-content\/uploads\/2023\/03\/IMG-20230322-WA0010-768x576.jpg 768w, https:\/\/ci.ccediaf.org\/wp-content\/uploads\/2023\/03\/IMG-20230322-WA0010-654x490.jpg 654w, https:\/\/ci.ccediaf.org\/wp-content\/uploads\/2023\/03\/IMG-20230322-WA0010.jpg 1040w\" sizes=\"(max-width: 300px) 100vw, 300px\" data-id=\"9382\" \/><\/a>\n\t\t\t<\/div><\/figure><figure class='gallery-item'>\n\t\t\t<div class='gallery-icon landscape'>\n\t\t\t\t<a href='https:\/\/ci.ccediaf.org\/wp-content\/uploads\/2023\/03\/IMG-20230322-WA0011.jpg'><img loading=\"lazy\" decoding=\"async\" width=\"300\" height=\"225\" src=\"https:\/\/ci.ccediaf.org\/wp-content\/uploads\/2023\/03\/IMG-20230322-WA0011-300x225.jpg\" class=\"attachment-medium size-medium\" alt=\"\" srcset=\"https:\/\/ci.ccediaf.org\/wp-content\/uploads\/2023\/03\/IMG-20230322-WA0011-300x225.jpg 300w, https:\/\/ci.ccediaf.org\/wp-content\/uploads\/2023\/03\/IMG-20230322-WA0011-1024x768.jpg 1024w, https:\/\/ci.ccediaf.org\/wp-content\/uploads\/2023\/03\/IMG-20230322-WA0011-768x576.jpg 768w, https:\/\/ci.ccediaf.org\/wp-content\/uploads\/2023\/03\/IMG-20230322-WA0011-654x490.jpg 654w, https:\/\/ci.ccediaf.org\/wp-content\/uploads\/2023\/03\/IMG-20230322-WA0011.jpg 1040w\" sizes=\"(max-width: 300px) 100vw, 300px\" data-id=\"9383\" \/><\/a>\n\t\t\t<\/div><\/figure><figure class='gallery-item'>\n\t\t\t<div class='gallery-icon landscape'>\n\t\t\t\t<a href='https:\/\/ci.ccediaf.org\/wp-content\/uploads\/2023\/03\/IMG-20230324-WA0001.jpg'><img loading=\"lazy\" decoding=\"async\" width=\"300\" height=\"225\" src=\"https:\/\/ci.ccediaf.org\/wp-content\/uploads\/2023\/03\/IMG-20230324-WA0001-300x225.jpg\" class=\"attachment-medium size-medium\" alt=\"\" srcset=\"https:\/\/ci.ccediaf.org\/wp-content\/uploads\/2023\/03\/IMG-20230324-WA0001-300x225.jpg 300w, https:\/\/ci.ccediaf.org\/wp-content\/uploads\/2023\/03\/IMG-20230324-WA0001-1024x768.jpg 1024w, https:\/\/ci.ccediaf.org\/wp-content\/uploads\/2023\/03\/IMG-20230324-WA0001-768x576.jpg 768w, https:\/\/ci.ccediaf.org\/wp-content\/uploads\/2023\/03\/IMG-20230324-WA0001-654x490.jpg 654w, https:\/\/ci.ccediaf.org\/wp-content\/uploads\/2023\/03\/IMG-20230324-WA0001.jpg 1040w\" sizes=\"(max-width: 300px) 100vw, 300px\" data-id=\"9384\" \/><\/a>\n\t\t\t<\/div><\/figure><figure class='gallery-item'>\n\t\t\t<div class='gallery-icon landscape'>\n\t\t\t\t<a href='https:\/\/ci.ccediaf.org\/wp-content\/uploads\/2023\/03\/IMG-20230324-WA0003.jpg'><img loading=\"lazy\" decoding=\"async\" width=\"300\" height=\"225\" src=\"https:\/\/ci.ccediaf.org\/wp-content\/uploads\/2023\/03\/IMG-20230324-WA0003-300x225.jpg\" class=\"attachment-medium size-medium\" alt=\"\" srcset=\"https:\/\/ci.ccediaf.org\/wp-content\/uploads\/2023\/03\/IMG-20230324-WA0003-300x225.jpg 300w, https:\/\/ci.ccediaf.org\/wp-content\/uploads\/2023\/03\/IMG-20230324-WA0003-1024x768.jpg 1024w, https:\/\/ci.ccediaf.org\/wp-content\/uploads\/2023\/03\/IMG-20230324-WA0003-768x576.jpg 768w, https:\/\/ci.ccediaf.org\/wp-content\/uploads\/2023\/03\/IMG-20230324-WA0003-654x490.jpg 654w, https:\/\/ci.ccediaf.org\/wp-content\/uploads\/2023\/03\/IMG-20230324-WA0003.jpg 1040w\" sizes=\"(max-width: 300px) 100vw, 300px\" data-id=\"9385\" \/><\/a>\n\t\t\t<\/div><\/figure><figure class='gallery-item'>\n\t\t\t<div class='gallery-icon landscape'>\n\t\t\t\t<a href='https:\/\/ci.ccediaf.org\/wp-content\/uploads\/2023\/03\/IMG-20230324-WA0005.jpg'><img loading=\"lazy\" decoding=\"async\" width=\"300\" height=\"225\" src=\"https:\/\/ci.ccediaf.org\/wp-content\/uploads\/2023\/03\/IMG-20230324-WA0005-300x225.jpg\" class=\"attachment-medium size-medium\" alt=\"\" srcset=\"https:\/\/ci.ccediaf.org\/wp-content\/uploads\/2023\/03\/IMG-20230324-WA0005-300x225.jpg 300w, https:\/\/ci.ccediaf.org\/wp-content\/uploads\/2023\/03\/IMG-20230324-WA0005-1024x768.jpg 1024w, https:\/\/ci.ccediaf.org\/wp-content\/uploads\/2023\/03\/IMG-20230324-WA0005-768x576.jpg 768w, https:\/\/ci.ccediaf.org\/wp-content\/uploads\/2023\/03\/IMG-20230324-WA0005-654x490.jpg 654w, https:\/\/ci.ccediaf.org\/wp-content\/uploads\/2023\/03\/IMG-20230324-WA0005.jpg 1040w\" sizes=\"(max-width: 300px) 100vw, 300px\" data-id=\"9386\" \/><\/a>\n\t\t\t<\/div><\/figure>\n\t\t<\/div>\n\n","protected":false},"excerpt":{"rendered":"<p>Une d\u00e9l\u00e9gation du CCEDIAF-CI (Club des Chefs d\u2019Entreprises de la Diaspora Ivoirienne et Africaine de France en C\u00f4te d&rsquo;Ivoire) conduite par M. Juste BOHOUSSOU, Conseiller Juridique a eu une rencontre d\u2019\u00e9change avec l\u2019ARDCI (Assembl\u00e9e des R\u00e9gions et Districts de C\u00f4te d\u2019Ivoire) afin de dresser la cartographie des potentialit\u00e9s d\u2019investissements desdites localit\u00e9s. Cette rencontre pr\u00e9sid\u00e9e par &hellip; <a href=\"https:\/\/ci.ccediaf.org\/?p=9374\" class=\"more-link\">Continue reading <span class=\"screen-reader-text\">RENCONTRE ENTRE LE CCEDIAF-CI ET L&rsquo;ARDCI LE MARDI 21 MARS 2023<\/span><\/a><\/p>\n","protected":false},"author":88,"featured_media":9376,"comment_status":"closed","ping_status":"open","sticky":false,"template":"","format":"standard","meta":{"_monsterinsights_skip_tracking":false,"_monsterinsights_sitenote_active":false,"_monsterinsights_sitenote_note":"","_monsterinsights_sitenote_category":0,"_view_id":"","footnotes":""},"categories":[151],"tags":[],"class_list":["post-9374","post","type-post","status-publish","format-standard","has-post-thumbnail","hentry","category-actualites"],"_links":{"self":[{"href":"https:\/\/ci.ccediaf.org\/index.php?rest_route=\/wp\/v2\/posts\/9374"}],"collection":[{"href":"https:\/\/ci.ccediaf.org\/index.php?rest_route=\/wp\/v2\/posts"}],"about":[{"href":"https:\/\/ci.ccediaf.org\/index.php?rest_route=\/wp\/v2\/types\/post"}],"author":[{"embeddable":true,"href":"https:\/\/ci.ccediaf.org\/index.php?rest_route=\/wp\/v2\/users\/88"}],"replies":[{"embeddable":true,"href":"https:\/\/ci.ccediaf.org\/index.php?rest_route=%2Fwp%2Fv2%2Fcomments&post=9374"}],"version-history":[{"count":3,"href":"https:\/\/ci.ccediaf.org\/index.php?rest_route=\/wp\/v2\/posts\/9374\/revisions"}],"predecessor-version":[{"id":9387,"href":"https:\/\/ci.ccediaf.org\/index.php?rest_route=\/wp\/v2\/posts\/9374\/revisions\/9387"}],"wp:featuredmedia":[{"embeddable":true,"href":"https:\/\/ci.ccediaf.org\/index.php?rest_route=\/wp\/v2\/media\/9376"}],"wp:attachment":[{"href":"https:\/\/ci.ccediaf.org\/index.php?rest_route=%2Fwp%2Fv2%2Fmedia&parent=9374"}],"wp:term":[{"taxonomy":"category","embeddable":true,"href":"https:\/\/ci.ccediaf.org\/index.php?rest_route=%2Fwp%2Fv2%2Fcategories&post=9374"},{"taxonomy":"post_tag","embeddable":true,"href":"https:\/\/ci.ccediaf.org\/index.php?rest_route=%2Fwp%2Fv2%2Ftags&post=9374"}],"curies":[{"name":"wp","href":"https:\/\/api.w.org\/{rel}","templated":true}]}}