{"id":9391,"date":"2023-04-03T16:51:29","date_gmt":"2023-04-03T14:51:29","guid":{"rendered":"https:\/\/ci.ccediaf.org\/?p=9391"},"modified":"2023-04-27T11:06:06","modified_gmt":"2023-04-27T09:06:06","slug":"elections-legislatives","status":"publish","type":"post","link":"https:\/\/ci.ccediaf.org\/?p=9391","title":{"rendered":"Elections L\u00e9gislatives"},"content":{"rendered":"<p><span style=\"color: #000000;\">Les 2 et 16 Avril prochains, vous aurez a \u00e9lire le ou la D\u00e9put\u00e9e qui portera la voix de l&rsquo;Afrique \u00e0 l&rsquo;Assembl\u00e9e Nationale : Alg\u00e9rie, Burkina Faso, Cap-Vert, C\u00f4te d&rsquo;Ivoire, Gambie, Guin\u00e9e, Guin\u00e9e-Bissau, Lib\u00e9ria, Libye, Mali, Maroc, Mauritanie,<\/span><br \/>\n<span style=\"color: #000000;\">Niger, S\u00e9n\u00e9gal, Sierra Leone et Tunisie. <\/span><br \/>\n<span style=\"color: #000000;\">Le CCEDIAF-CI accorde son soutien \u00e0 la candidature de Fatou Sagna SOW. <a href=\"https:\/\/ci.ccediaf.org\/wp-content\/uploads\/2023\/04\/Livret-de-campagne-A5.pdf\" target=\"_blank\" rel=\"noopener\">Voir le projet<\/a><\/span><\/p>\n<div id='gallery-1' class='gallery galleryid-9391 gallery-columns-3 gallery-size-medium'><figure class='gallery-item'>\n\t\t\t<div class='gallery-icon landscape'>\n\t\t\t\t<a href='https:\/\/ci.ccediaf.org\/wp-content\/uploads\/2023\/04\/VISAS-avec-mention-legale.jpg'><img fetchpriority=\"high\" decoding=\"async\" width=\"300\" height=\"300\" src=\"https:\/\/ci.ccediaf.org\/wp-content\/uploads\/2023\/04\/VISAS-avec-mention-legale-300x300.jpg\" class=\"attachment-medium size-medium\" alt=\"\" srcset=\"https:\/\/ci.ccediaf.org\/wp-content\/uploads\/2023\/04\/VISAS-avec-mention-legale-300x300.jpg 300w, https:\/\/ci.ccediaf.org\/wp-content\/uploads\/2023\/04\/VISAS-avec-mention-legale-1024x1024.jpg 1024w, https:\/\/ci.ccediaf.org\/wp-content\/uploads\/2023\/04\/VISAS-avec-mention-legale-150x150.jpg 150w, https:\/\/ci.ccediaf.org\/wp-content\/uploads\/2023\/04\/VISAS-avec-mention-legale-768x768.jpg 768w, https:\/\/ci.ccediaf.org\/wp-content\/uploads\/2023\/04\/VISAS-avec-mention-legale-640x640.jpg 640w, https:\/\/ci.ccediaf.org\/wp-content\/uploads\/2023\/04\/VISAS-avec-mention-legale.jpg 1080w\" sizes=\"(max-width: 300px) 100vw, 300px\" data-id=\"9396\" \/><\/a>\n\t\t\t<\/div><\/figure><figure class='gallery-item'>\n\t\t\t<div class='gallery-icon landscape'>\n\t\t\t\t<a href='https:\/\/ci.ccediaf.org\/wp-content\/uploads\/2023\/04\/Scolarite-avec-Mention-legale.jpg'><img decoding=\"async\" width=\"300\" height=\"300\" src=\"https:\/\/ci.ccediaf.org\/wp-content\/uploads\/2023\/04\/Scolarite-avec-Mention-legale-300x300.jpg\" class=\"attachment-medium size-medium\" alt=\"\" srcset=\"https:\/\/ci.ccediaf.org\/wp-content\/uploads\/2023\/04\/Scolarite-avec-Mention-legale-300x300.jpg 300w, https:\/\/ci.ccediaf.org\/wp-content\/uploads\/2023\/04\/Scolarite-avec-Mention-legale-1024x1024.jpg 1024w, https:\/\/ci.ccediaf.org\/wp-content\/uploads\/2023\/04\/Scolarite-avec-Mention-legale-150x150.jpg 150w, https:\/\/ci.ccediaf.org\/wp-content\/uploads\/2023\/04\/Scolarite-avec-Mention-legale-768x768.jpg 768w, https:\/\/ci.ccediaf.org\/wp-content\/uploads\/2023\/04\/Scolarite-avec-Mention-legale-640x640.jpg 640w, https:\/\/ci.ccediaf.org\/wp-content\/uploads\/2023\/04\/Scolarite-avec-Mention-legale.jpg 1080w\" sizes=\"(max-width: 300px) 100vw, 300px\" data-id=\"9395\" \/><\/a>\n\t\t\t<\/div><\/figure><figure class='gallery-item'>\n\t\t\t<div class='gallery-icon landscape'>\n\t\t\t\t<a href='https:\/\/ci.ccediaf.org\/wp-content\/uploads\/2023\/04\/Entrepeneuriat-avec-mention-legale.jpg'><img decoding=\"async\" width=\"300\" height=\"300\" src=\"https:\/\/ci.ccediaf.org\/wp-content\/uploads\/2023\/04\/Entrepeneuriat-avec-mention-legale-300x300.jpg\" class=\"attachment-medium size-medium\" alt=\"\" srcset=\"https:\/\/ci.ccediaf.org\/wp-content\/uploads\/2023\/04\/Entrepeneuriat-avec-mention-legale-300x300.jpg 300w, https:\/\/ci.ccediaf.org\/wp-content\/uploads\/2023\/04\/Entrepeneuriat-avec-mention-legale-1024x1024.jpg 1024w, https:\/\/ci.ccediaf.org\/wp-content\/uploads\/2023\/04\/Entrepeneuriat-avec-mention-legale-150x150.jpg 150w, https:\/\/ci.ccediaf.org\/wp-content\/uploads\/2023\/04\/Entrepeneuriat-avec-mention-legale-768x768.jpg 768w, https:\/\/ci.ccediaf.org\/wp-content\/uploads\/2023\/04\/Entrepeneuriat-avec-mention-legale-640x640.jpg 640w, https:\/\/ci.ccediaf.org\/wp-content\/uploads\/2023\/04\/Entrepeneuriat-avec-mention-legale.jpg 1080w\" sizes=\"(max-width: 300px) 100vw, 300px\" data-id=\"9392\" \/><\/a>\n\t\t\t<\/div><\/figure>\n\t\t<\/div>\n\n<p>&nbsp;<\/p>\n<p>&nbsp;<\/p>\n","protected":false},"excerpt":{"rendered":"<p>Les 2 et 16 Avril prochains, vous aurez a \u00e9lire le ou la D\u00e9put\u00e9e qui portera la voix de l&rsquo;Afrique \u00e0 l&rsquo;Assembl\u00e9e Nationale : Alg\u00e9rie, Burkina Faso, Cap-Vert, C\u00f4te d&rsquo;Ivoire, Gambie, Guin\u00e9e, Guin\u00e9e-Bissau, Lib\u00e9ria, Libye, Mali, Maroc, Mauritanie, Niger, S\u00e9n\u00e9gal, Sierra Leone et Tunisie. Le CCEDIAF-CI accorde son soutien \u00e0 la candidature de Fatou Sagna &hellip; <a href=\"https:\/\/ci.ccediaf.org\/?p=9391\" class=\"more-link\">Continue reading <span class=\"screen-reader-text\">Elections L\u00e9gislatives<\/span><\/a><\/p>\n","protected":false},"author":88,"featured_media":9393,"comment_status":"closed","ping_status":"open","sticky":false,"template":"","format":"standard","meta":{"_monsterinsights_skip_tracking":false,"_monsterinsights_sitenote_active":false,"_monsterinsights_sitenote_note":"","_monsterinsights_sitenote_category":0,"_view_id":"","footnotes":""},"categories":[151],"tags":[],"class_list":["post-9391","post","type-post","status-publish","format-standard","has-post-thumbnail","hentry","category-actualites"],"_links":{"self":[{"href":"https:\/\/ci.ccediaf.org\/index.php?rest_route=\/wp\/v2\/posts\/9391"}],"collection":[{"href":"https:\/\/ci.ccediaf.org\/index.php?rest_route=\/wp\/v2\/posts"}],"about":[{"href":"https:\/\/ci.ccediaf.org\/index.php?rest_route=\/wp\/v2\/types\/post"}],"author":[{"embeddable":true,"href":"https:\/\/ci.ccediaf.org\/index.php?rest_route=\/wp\/v2\/users\/88"}],"replies":[{"embeddable":true,"href":"https:\/\/ci.ccediaf.org\/index.php?rest_route=%2Fwp%2Fv2%2Fcomments&post=9391"}],"version-history":[{"count":9,"href":"https:\/\/ci.ccediaf.org\/index.php?rest_route=\/wp\/v2\/posts\/9391\/revisions"}],"predecessor-version":[{"id":9406,"href":"https:\/\/ci.ccediaf.org\/index.php?rest_route=\/wp\/v2\/posts\/9391\/revisions\/9406"}],"wp:featuredmedia":[{"embeddable":true,"href":"https:\/\/ci.ccediaf.org\/index.php?rest_route=\/wp\/v2\/media\/9393"}],"wp:attachment":[{"href":"https:\/\/ci.ccediaf.org\/index.php?rest_route=%2Fwp%2Fv2%2Fmedia&parent=9391"}],"wp:term":[{"taxonomy":"category","embeddable":true,"href":"https:\/\/ci.ccediaf.org\/index.php?rest_route=%2Fwp%2Fv2%2Fcategories&post=9391"},{"taxonomy":"post_tag","embeddable":true,"href":"https:\/\/ci.ccediaf.org\/index.php?rest_route=%2Fwp%2Fv2%2Ftags&post=9391"}],"curies":[{"name":"wp","href":"https:\/\/api.w.org\/{rel}","templated":true}]}}