{"id":9483,"date":"2023-04-28T15:49:00","date_gmt":"2023-04-28T13:49:00","guid":{"rendered":"https:\/\/ci.ccediaf.org\/?p=9483"},"modified":"2023-04-28T15:49:00","modified_gmt":"2023-04-28T13:49:00","slug":"rencontre-ccediaf-ci-bni-fsa","status":"publish","type":"post","link":"https:\/\/ci.ccediaf.org\/?p=9483","title":{"rendered":"RENCONTRE CCEDIAF-CI, BNI, FSA"},"content":{"rendered":"<p>RENCONTRE CCEDIAF-CI, BNI, FSA<\/p>\n<p>Ce Lundi 3 Avril 2O23 s&rsquo;est tenue une s\u00e9ance de travail entre le CCEDIAF CI, la BNI et le FSA afin d&rsquo;organiser<\/p>\n<p>la collaboration entre les trois institutions.<\/p>\n<p>Ces diff\u00e9rentes organisations \u00e9taient repr\u00e9sent\u00e9es par Monsieur Kidou OUATTARA Pr\u00e9sident du<\/p>\n<p>CCEDIAF CI \u00e0 la t\u00eate d&rsquo;une d\u00e9l\u00e9gation, Monsieur SANOGO conseill\u00e9 du Directeur G\u00e9n\u00e9ral de<\/p>\n<p>la BNI et Monsieur Aly GONDO repr\u00e9sentant r\u00e9sident du FSA en C\u00f4te d&rsquo;Ivoire.<\/p>\n<p>Notez que cette rencontre se fait dans la continuit\u00e9 de l&rsquo;Accord-Cadre sign\u00e9 entre<\/p>\n<p>le FSA et le CCEDIAF-CI en janvier 2O23 en vue du financement des projets des membres du club.<\/p>\n<p>Ce fut une s\u00e9ance cordiale et fructueuse qui a d\u00e9coul\u00e9e sur un projet de formalisation des<\/p>\n<p>relations entre le FSA et la BNI.<\/p>\n<p>Bonne nouvelle pour les Chefs d&rsquo;entreprises du CCEDIAF-CI qui pourront d\u00e9sormais compter<\/p>\n<p>sur la BNI pour le financement de leurs projets.<\/p>\n<div id='gallery-1' class='gallery galleryid-9483 gallery-columns-4 gallery-size-thumbnail'><figure class='gallery-item'>\n\t\t\t<div class='gallery-icon portrait'>\n\t\t\t\t<a href='https:\/\/ci.ccediaf.org\/?attachment_id=9485'><img decoding=\"async\" width=\"150\" height=\"150\" src=\"https:\/\/ci.ccediaf.org\/wp-content\/uploads\/2023\/04\/IMG-20230403-WA0002-1-150x150.jpg\" class=\"attachment-thumbnail size-thumbnail\" alt=\"\" srcset=\"https:\/\/ci.ccediaf.org\/wp-content\/uploads\/2023\/04\/IMG-20230403-WA0002-1-150x150.jpg 150w, https:\/\/ci.ccediaf.org\/wp-content\/uploads\/2023\/04\/IMG-20230403-WA0002-1-640x640.jpg 640w\" sizes=\"(max-width: 150px) 100vw, 150px\" data-id=\"9485\" \/><\/a>\n\t\t\t<\/div><\/figure><figure class='gallery-item'>\n\t\t\t<div class='gallery-icon portrait'>\n\t\t\t\t<a href='https:\/\/ci.ccediaf.org\/?attachment_id=9486'><img decoding=\"async\" width=\"150\" height=\"150\" src=\"https:\/\/ci.ccediaf.org\/wp-content\/uploads\/2023\/04\/IMG-20230403-WA0003-150x150.jpg\" class=\"attachment-thumbnail size-thumbnail\" alt=\"\" srcset=\"https:\/\/ci.ccediaf.org\/wp-content\/uploads\/2023\/04\/IMG-20230403-WA0003-150x150.jpg 150w, https:\/\/ci.ccediaf.org\/wp-content\/uploads\/2023\/04\/IMG-20230403-WA0003-640x640.jpg 640w\" sizes=\"(max-width: 150px) 100vw, 150px\" data-id=\"9486\" \/><\/a>\n\t\t\t<\/div><\/figure><figure class='gallery-item'>\n\t\t\t<div class='gallery-icon portrait'>\n\t\t\t\t<a href='https:\/\/ci.ccediaf.org\/?attachment_id=9487'><img decoding=\"async\" width=\"150\" height=\"150\" src=\"https:\/\/ci.ccediaf.org\/wp-content\/uploads\/2023\/04\/IMG-20230403-WA0004-150x150.jpg\" class=\"attachment-thumbnail size-thumbnail\" alt=\"\" srcset=\"https:\/\/ci.ccediaf.org\/wp-content\/uploads\/2023\/04\/IMG-20230403-WA0004-150x150.jpg 150w, https:\/\/ci.ccediaf.org\/wp-content\/uploads\/2023\/04\/IMG-20230403-WA0004-640x640.jpg 640w\" sizes=\"(max-width: 150px) 100vw, 150px\" data-id=\"9487\" \/><\/a>\n\t\t\t<\/div><\/figure><figure class='gallery-item'>\n\t\t\t<div class='gallery-icon portrait'>\n\t\t\t\t<a href='https:\/\/ci.ccediaf.org\/?attachment_id=9488'><img loading=\"lazy\" decoding=\"async\" width=\"150\" height=\"150\" src=\"https:\/\/ci.ccediaf.org\/wp-content\/uploads\/2023\/04\/IMG-20230403-WA0007-150x150.jpg\" class=\"attachment-thumbnail size-thumbnail\" alt=\"\" srcset=\"https:\/\/ci.ccediaf.org\/wp-content\/uploads\/2023\/04\/IMG-20230403-WA0007-150x150.jpg 150w, https:\/\/ci.ccediaf.org\/wp-content\/uploads\/2023\/04\/IMG-20230403-WA0007-640x640.jpg 640w\" sizes=\"(max-width: 150px) 100vw, 150px\" data-id=\"9488\" \/><\/a>\n\t\t\t<\/div><\/figure>\n\t\t<\/div>\n\n","protected":false},"excerpt":{"rendered":"<p>RENCONTRE CCEDIAF-CI, BNI, FSA Ce Lundi 3 Avril 2O23 s&rsquo;est tenue une s\u00e9ance de travail entre le CCEDIAF CI, la BNI et le FSA afin d&rsquo;organiser la collaboration entre les trois institutions. Ces diff\u00e9rentes organisations \u00e9taient repr\u00e9sent\u00e9es par Monsieur Kidou OUATTARA Pr\u00e9sident du CCEDIAF CI \u00e0 la t\u00eate d&rsquo;une d\u00e9l\u00e9gation, Monsieur SANOGO conseill\u00e9 du Directeur &hellip; <a href=\"https:\/\/ci.ccediaf.org\/?p=9483\" class=\"more-link\">Continue reading <span class=\"screen-reader-text\">RENCONTRE CCEDIAF-CI, BNI, FSA<\/span><\/a><\/p>\n","protected":false},"author":86,"featured_media":9484,"comment_status":"closed","ping_status":"open","sticky":false,"template":"","format":"standard","meta":{"_monsterinsights_skip_tracking":false,"_monsterinsights_sitenote_active":false,"_monsterinsights_sitenote_note":"","_monsterinsights_sitenote_category":0,"_view_id":"","footnotes":""},"categories":[151],"tags":[],"class_list":["post-9483","post","type-post","status-publish","format-standard","has-post-thumbnail","hentry","category-actualites"],"_links":{"self":[{"href":"https:\/\/ci.ccediaf.org\/index.php?rest_route=\/wp\/v2\/posts\/9483"}],"collection":[{"href":"https:\/\/ci.ccediaf.org\/index.php?rest_route=\/wp\/v2\/posts"}],"about":[{"href":"https:\/\/ci.ccediaf.org\/index.php?rest_route=\/wp\/v2\/types\/post"}],"author":[{"embeddable":true,"href":"https:\/\/ci.ccediaf.org\/index.php?rest_route=\/wp\/v2\/users\/86"}],"replies":[{"embeddable":true,"href":"https:\/\/ci.ccediaf.org\/index.php?rest_route=%2Fwp%2Fv2%2Fcomments&post=9483"}],"version-history":[{"count":1,"href":"https:\/\/ci.ccediaf.org\/index.php?rest_route=\/wp\/v2\/posts\/9483\/revisions"}],"predecessor-version":[{"id":9489,"href":"https:\/\/ci.ccediaf.org\/index.php?rest_route=\/wp\/v2\/posts\/9483\/revisions\/9489"}],"wp:featuredmedia":[{"embeddable":true,"href":"https:\/\/ci.ccediaf.org\/index.php?rest_route=\/wp\/v2\/media\/9484"}],"wp:attachment":[{"href":"https:\/\/ci.ccediaf.org\/index.php?rest_route=%2Fwp%2Fv2%2Fmedia&parent=9483"}],"wp:term":[{"taxonomy":"category","embeddable":true,"href":"https:\/\/ci.ccediaf.org\/index.php?rest_route=%2Fwp%2Fv2%2Fcategories&post=9483"},{"taxonomy":"post_tag","embeddable":true,"href":"https:\/\/ci.ccediaf.org\/index.php?rest_route=%2Fwp%2Fv2%2Ftags&post=9483"}],"curies":[{"name":"wp","href":"https:\/\/api.w.org\/{rel}","templated":true}]}}